{"id":7522,"date":"2020-06-03T20:52:07","date_gmt":"2020-06-03T23:52:07","guid":{"rendered":"http:\/\/reydereyes.com.ar\/?p=7522"},"modified":"2022-01-04T12:43:47","modified_gmt":"2022-01-04T15:43:47","slug":"tiempos-de-refrigerio","status":"publish","type":"post","link":"https:\/\/reydereyes.com.ar\/en\/tiempos-de-refrigerio\/","title":{"rendered":"\u201cREFRIGERATION TIMES\u201d - DR. CLAUDIO FREIDZON"},"content":{"rendered":"<p>[et_pb_section fb_built=&#8221;1&#8243; _builder_version=&#8221;4.4.8&#8243; use_background_color_gradient=&#8221;on&#8221; background_color_gradient_start=&#8221;rgba(0,0,0,0.5)&#8221; background_color_gradient_end=&#8221;rgba(0,0,0,0)&#8221; background_color_gradient_direction=&#8221;1deg&#8221; background_image=&#8221;http:\/\/reydereyes.com.ar\/wp-content\/uploads\/2020\/06\/TIEMPOS-DE-REFRIGERIO.jpg&#8221; background_position=&#8221;top_center&#8221; background_blend=&#8221;multiply&#8221; custom_padding=&#8221;||0px||false|false&#8221;][et_pb_row custom_padding_last_edited=&#8221;on|phone&#8221; _builder_version=&#8221;4.4.7&#8243; width=&#8221;100%&#8221; custom_padding=&#8221;250px|||||&#8221; custom_padding_tablet=&#8221;&#8221; custom_padding_phone=&#8221;250px|40px||40px|false|true&#8221;][et_pb_column type=&#8221;4_4&#8243; _builder_version=&#8221;4.4.4&#8243;][et_pb_post_title author=&#8221;off&#8221; date=&#8221;off&#8221; categories=&#8221;off&#8221; comments=&#8221;off&#8221; featured_image=&#8221;off&#8221; _builder_version=&#8221;4.7.1&#8243; title_font=&#8221;Montserrat|800||on|||||&#8221; title_text_align=&#8221;center&#8221; title_text_color=&#8221;#ffffff&#8221; meta_text_align=&#8221;center&#8221; meta_text_color=&#8221;#ffffff&#8221; hover_enabled=&#8221;0&#8243; sticky_enabled=&#8221;0&#8243;][\/et_pb_post_title][et_pb_text _builder_version=&#8221;4.4.7&#8243; text_text_color=&#8221;#0c71c3&#8243; background_enable_color=&#8221;off&#8221; custom_padding=&#8221;||||true|true&#8221;]<\/p>\n<p style=\"text-align: center;\"><strong>Tiempo de lectura: 4 minutos<\/strong><\/p>\n<p>[\/et_pb_text][\/et_pb_column][\/et_pb_row][\/et_pb_section][et_pb_section fb_built=&#8221;1&#8243; _builder_version=&#8221;3.22&#8243;][et_pb_row custom_padding_last_edited=&#8221;on|phone&#8221; _builder_version=&#8221;4.4.4&#8243; background_size=&#8221;initial&#8221; background_position=&#8221;top_left&#8221; background_repeat=&#8221;repeat&#8221; custom_padding=&#8221;|10%||10%|false|true&#8221; custom_padding_tablet=&#8221;&#8221; custom_padding_phone=&#8221;|2%||2%|false|true&#8221;][et_pb_column type=&#8221;4_4&#8243; _builder_version=&#8221;3.25&#8243; custom_padding=&#8221;|||&#8221; custom_padding__hover=&#8221;|||&#8221;][et_pb_text _builder_version=&#8221;4.4.7&#8243; text_font=&#8221;||||||||&#8221; text_text_color=&#8221;#333333&#8243; background_color=&#8221;#fafafa&#8221; custom_padding=&#8221;40px|40px|40px|40px|true|true&#8221;]<\/p>\n<p><strong>Hay un refrigerio para el alma que viene del Cielo. <\/strong><\/p>\n<p>[\/et_pb_text][et_pb_text _builder_version=&#8221;4.4.7&#8243; text_text_color=&#8221;#333333&#8243; background_size=&#8221;initial&#8221; background_position=&#8221;top_left&#8221; background_repeat=&#8221;repeat&#8221;]<\/p>\n<p>&#8220;Ahora pues, arrepi\u00e9ntanse de sus pecados y vuelvan a Dios para que sus pecados sean borrados. Entonces, de la presencia del Se\u00f1or vendr\u00e1n tiempos de refrigerio (&#8230;)\u201d <strong>Hechos 3:19-20<\/strong><\/p>\n<p>Para que hayan tiempos de refrigerio primero hay que tener arrepentimiento. Arrepentimiento es un cambio de actitud, volver a Dios.<\/p>\n<p>\u201cMas, oh amados, no ignor\u00e9is esto: que para con el Se\u00f1or un d\u00eda es como mil a\u00f1os, y mil a\u00f1os como un d\u00eda.<strong><sup>\u00a0<\/sup><\/strong>El Se\u00f1or no retarda su promesa, seg\u00fan algunos la tienen por tardanza, sino que es paciente para con nosotros, no queriendo que ninguno perezca, sino que todos procedan al arrepentimiento\u201d. <strong>2 Pedro 3:8-9<\/strong><\/p>\n<p>El Se\u00f1or puede llevar a la Iglesia, puede arrebatarla; pero la deja todav\u00eda tiempo en esta generaci\u00f3n para que ninguno se pierda, para que todos tengan posibilidad de escuchar que en la presencia del Se\u00f1or vienen tiempos de refrigerio.<\/p>\n<p>M\u00e1s que nunca la Iglesia del Se\u00f1or va a ser levantada en este pentecost\u00e9s, en el poder del Esp\u00edritu Santo, globalmente.<\/p>\n<p><strong>\u00bfC\u00f3mo se espera un pentecost\u00e9s hoy? <\/strong><\/p>\n<ol>\n<li>Con expectativa de ver y de vivir lo que Jes\u00fas prometi\u00f3 para nosotros. Esperar con expectativa, seg\u00fan Hechos 1:14 significa perseverar un\u00e1nimes en oraci\u00f3n y ruego. <strong>&#8220;Todos se reun\u00edan y estaban constantemente unidos en oraci\u00f3n\u201d. Hechos 1:14<\/p>\n<p><\/strong><\/li>\n<li>Deb\u00edan esperar en el lugar indicado.<strong> \u201cY estando juntos, les mand\u00f3 que no se fueran de Jerusal\u00e9n, sino que esperasen la promesa del Padre,\u00a0la cual, les dijo, o\u00edsteis de m\u00ed\u201d. Hechos 1:4<\/strong><\/li>\n<\/ol>\n<p>El derramamiento del Esp\u00edritu Santo no viene en el lugar de desobediencia, viene donde hay una actitud de obediencia. Desciende como consecuencia de una decisi\u00f3n de obedecer al Se\u00f1or.<\/p>\n<ol start=\"3\">\n<li>Lo que antecede un mover del Esp\u00edritu Santo, es ese tiempo de b\u00fasqueda; ese tiempo de \u201cinsatisfacci\u00f3n\u201d; el querer m\u00e1s del Se\u00f1or.<\/li>\n<li>Esperar es la clave en el tiempo de preparaci\u00f3n, anticipando el coraz\u00f3n en oraci\u00f3n; lectura b\u00edblica y clamando al Se\u00f1or por su derramamiento en cada tiempo devocional. <strong>\u201cSiempre tener una barca\u201d.<\/strong><\/li>\n<\/ol>\n<p>Cuando una persona recibe a Jes\u00fas en su coraz\u00f3n y entiende que en \u00c9l est\u00e1 el refrigerio del alma, y conoce despu\u00e9s el camino hacia un encuentro personal con el Esp\u00edritu Santo, entonces all\u00ed viene un tiempo de renovaci\u00f3n; un tiempo de derramamiento del Esp\u00edritu Santo.<\/p>\n<ol start=\"5\">\n<li>Las claves para esperar el poder de Dios y ser revestido del fuego del Pentecost\u00e9s son:\n<ol>\n<li>Saber que Dios lo va a hacer. El fuego va a descender sobre el coraz\u00f3n sediento. No hay manera que nada se interponga. Es algo que el Se\u00f1or prometi\u00f3.<\/li>\n<li>Los a\u00f1os de sequ\u00eda y necesidad cesan, porque el Se\u00f1or no retarda sus promesas.\u201d\u2026 <strong>ve, mu\u00e9strate a Acab y Yo har\u00e9 llover sobre la faz de la tierra&#8221;. 1 Reyes 18:1<\/strong><\/li>\n<\/ol>\n<\/li>\n<\/ol>\n<p>Ese mismo poder del Esp\u00edritu Santo, va a venir sobre todos aquellos que declaren al Se\u00f1or su deseo de caminar a partir de este d\u00eda, de una manera m\u00e1s cercana a Su voluntad.<\/p>\n<p>\u201cDecido obedecer; decido caminar detr\u00e1s de tus pasos; decido que me des las fuerzas para para poder ser obedientes a tus palabras\u201d.<\/p>\n<p>Cuando tomamos esas decisiones, de repente viene desde el cielo ese fuego; ese poder y autoridad.<\/p>\n<p>No debemos permitir que la vida cristiana se apague; que se haga rutinaria o religiosa.<\/p>\n<p>El Se\u00f1or no quiere religiosidad; quiere pasi\u00f3n.<\/p>\n<p>Viviendo la realidad de ser un testimonio de la iglesia en esta generaci\u00f3n ser\u00e1 el momento cuando el Esp\u00edritu Santo comienza a descender.<\/p>\n<p>[\/et_pb_text][et_pb_image src=&#8221;http:\/\/reydereyes.com.ar\/wp-content\/uploads\/2020\/03\/rdr_logo-1.jpeg&#8221; title_text=&#8221;rdr_logo&#8221; align=&#8221;center&#8221; _builder_version=&#8221;4.4.4&#8243; max_width=&#8221;120px&#8221;][\/et_pb_image][\/et_pb_column][\/et_pb_row][\/et_pb_section][et_pb_section fb_built=&#8221;1&#8243; _builder_version=&#8221;4.4.4&#8243; background_color=&#8221;#fafafa&#8221; custom_margin=&#8221;0px||0px||true|false&#8221; custom_padding=&#8221;||||false|false&#8221; locked=&#8221;off&#8221;][et_pb_row _builder_version=&#8221;4.4.4&#8243; custom_margin=&#8221;0px||0px||true|false&#8221; custom_padding=&#8221;0px||0px||true|false&#8221;][et_pb_column type=&#8221;4_4&#8243; _builder_version=&#8221;4.4.4&#8243;][et_pb_post_nav in_same_term=&#8221;on&#8221; _builder_version=&#8221;4.4.4&#8243; title_font=&#8221;|700|||||||&#8221;][\/et_pb_post_nav][\/et_pb_column][\/et_pb_row][\/et_pb_section]<\/p>\n","protected":false},"excerpt":{"rendered":"<p>There is a refreshment for the soul that comes from Heaven.<\/p>","protected":false},"author":3,"featured_media":8043,"comment_status":"closed","ping_status":"open","sticky":false,"template":"","format":"standard","meta":{"_et_pb_use_builder":"on","_et_pb_old_content":"<p><strong>Todo lo que tiene comuni\u00f3n con Dios, debe ser santo. El Dr. Claudio Freidzon nos invita a guardar nuestros corazones a\u00fan en medio de las dificultades.<\/strong><\/p><p>Naam\u00e1n fue un general muy importante del ej\u00e9rcito sirio. Relata el libro de Segunda de Reyes en el cap\u00edtulo 5, que durante una de sus incursiones invadiendo la tierra de Israel al mando de sus tropas, tom\u00f3 como bot\u00edn a varias familias hebreas para que le fuera de servidumbre.<\/p><p>Este hombre, muy importante para su rey, ocultaba un serio problema de salud. Debajo de su armadura y sus vestiduras, la lepra, una enfermedad incurable iba minando todo su cuerpo.<\/p><p>La Biblia toma a la lepra como un ejemplo del pecado; \u00e9ste hace que el hombre vaya alej\u00e1ndose poco a poco de los prop\u00f3sistos de Dios.<\/p><p>S\u00f3lo Cristo puede limpiar el pecado. S\u00f3lo Cristo puede perdonar nuestras vidas\u2026\u00a1s\u00f3lo Cristo nos puede hacer libres!<\/p><p>Retomando la historia; una vez que la sierva de este militar lo ve tan enfermo, le habla de la persona de Eliseo, \u201cun profeta del verdadero Dios\u201d que lo puede sanar.<\/p><p>As\u00ed fue que este hombre termina yendo a la tierra donde se encontraba Eliseo, quien no lo recibe personalmente y, m\u00e1s a\u00fan, le es indicado por su asistente que la soluci\u00f3n para su lepra es que vaya a ba\u00f1arse al r\u00edo Jord\u00e1n.<\/p><p>Ya sabemos que luego del enojo incial y las negativas de Naam\u00e1n, la \u201cs\u00e9ptima zambullida\u201d dej\u00f3 limpia por completo la piel de este general.<\/p><p>El desarraigo de aquella joven que fue una criada de la casa del general sirio y, a\u00fan la adversidad de encontrarse lejos de su hogar y en medio de costumbres y creencias extra\u00f1as, no consigui\u00f3 que su coraz\u00f3n fuera conmovido, porque supo depositar su fe y esperanza en un Dios poderoso.<\/p><p>Ese mismo Dios de Israel es el que hoy est\u00e1 aqu\u00ed para cambiar las circunstancias y transformar los corazones y, as\u00ed como esa joven pudo dar testmonio de un Dios vivo, hoy el llamado es a que tu fe no se quebrante; que tus convicciones no se alejen.<\/p><p>Que estando en una tierra donde la gente no adora al verdadero Dios, que nuestros corazones sigan siendo fieles al Dios que no cambia.<\/p><p><strong>\u00a1Cuida tu coraz\u00f3n!<\/strong><\/p>","_et_gb_content_width":"","inline_featured_image":false,"footnotes":""},"categories":[46],"tags":[],"class_list":["post-7522","post","type-post","status-publish","format-standard","has-post-thumbnail","hentry","category-mensajes"],"aioseo_notices":[],"_links":{"self":[{"href":"https:\/\/reydereyes.com.ar\/en\/wp-json\/wp\/v2\/posts\/7522","targetHints":{"allow":["GET"]}}],"collection":[{"href":"https:\/\/reydereyes.com.ar\/en\/wp-json\/wp\/v2\/posts"}],"about":[{"href":"https:\/\/reydereyes.com.ar\/en\/wp-json\/wp\/v2\/types\/post"}],"author":[{"embeddable":true,"href":"https:\/\/reydereyes.com.ar\/en\/wp-json\/wp\/v2\/users\/3"}],"replies":[{"embeddable":true,"href":"https:\/\/reydereyes.com.ar\/en\/wp-json\/wp\/v2\/comments?post=7522"}],"version-history":[{"count":12,"href":"https:\/\/reydereyes.com.ar\/en\/wp-json\/wp\/v2\/posts\/7522\/revisions"}],"predecessor-version":[{"id":15680,"href":"https:\/\/reydereyes.com.ar\/en\/wp-json\/wp\/v2\/posts\/7522\/revisions\/15680"}],"wp:featuredmedia":[{"embeddable":true,"href":"https:\/\/reydereyes.com.ar\/en\/wp-json\/wp\/v2\/media\/8043"}],"wp:attachment":[{"href":"https:\/\/reydereyes.com.ar\/en\/wp-json\/wp\/v2\/media?parent=7522"}],"wp:term":[{"taxonomy":"category","embeddable":true,"href":"https:\/\/reydereyes.com.ar\/en\/wp-json\/wp\/v2\/categories?post=7522"},{"taxonomy":"post_tag","embeddable":true,"href":"https:\/\/reydereyes.com.ar\/en\/wp-json\/wp\/v2\/tags?post=7522"}],"curies":[{"name":"wp","href":"https:\/\/api.w.org\/{rel}","templated":true}]}}